{"id":263,"__str__":"Parecer Jur\u00eddico - PARECER JUR\u00cdDICO de 14/03/2019 por ","link_detail_backend":"/materia/documentoacessorio/263","metadata":{},"nome":"PARECER JUR\u00cdDICO","data":"2019-03-14","autor":"","ementa":"PARECER REFERENTE AO P.L.E N\u00ba 17/2019","indexacao":"","arquivo":"http://sapl.bariri.sp.leg.br/media/sapl/public/documentoacessorio/2019/263/05-2019.pdf","data_ultima_atualizacao":"2019-03-14T16:42:29.390974-03:00","materia":883,"tipo":3}