{"id":143,"__str__":"Parecer Jur\u00eddico - PARECER JUR\u00cdDICO de 10/09/2018 por PROCURADORIA JUR\u00cdDICA DA C\u00c2MARA","link_detail_backend":"/materia/documentoacessorio/143","metadata":{},"nome":"PARECER JUR\u00cdDICO","data":"2018-09-10","autor":"PROCURADORIA JUR\u00cdDICA DA C\u00c2MARA","ementa":"PARECER N\u00ba 46/2018- REFERENTE AO PROJETO DE LEI N\u00b0 13/2018 DO LEGISLATIVO","indexacao":"","arquivo":"http://sapl.bariri.sp.leg.br/media/sapl/public/documentoacessorio/2018/143/parecer_juridico_n_46-2018.pdf","data_ultima_atualizacao":"2018-10-18T09:28:32.726423-03:00","materia":716,"tipo":3}