{"id":125,"__str__":"Parecer Jur\u00eddico - PARECER JUR\u00cdDICO de 28/06/2018 por ","link_detail_backend":"/materia/documentoacessorio/125","metadata":{},"nome":"PARECER JUR\u00cdDICO","data":"2018-06-28","autor":"","ementa":"PARECER JUR\u00cdDICO DO PROJETO DE LEI N\u00b0 31/2018 DO PODER EXECUTIVO","indexacao":"","arquivo":"http://sapl.bariri.sp.leg.br/media/sapl/public/documentoacessorio/2018/125/parecer_juridico_n_38-2018.pdf","data_ultima_atualizacao":"2018-06-28T13:20:02.945172-03:00","materia":583,"tipo":3}