{"id":7,"__str__":"Audi\u00eancia P\u00fablica de demonstra\u00e7\u00e3o e avalia\u00e7\u00e3o do cumprimento das metas fiscais do primeiro quadrimes","link_detail_backend":"/audiencia/7","metadata":{},"numero":7,"ano":2020,"nome":"Audi\u00eancia P\u00fablica de demonstra\u00e7\u00e3o e avalia\u00e7\u00e3o do cumprimento das metas fiscais do primeiro quadrimes","tema":"Audi\u00eancia P\u00fablica de demonstra\u00e7\u00e3o e avalia\u00e7\u00e3o do cumprimento das metas fiscais do primeiro quadrimes","data":"2020-05-28","hora_inicio":"17:30","hora_fim":"","observacao":"Audi\u00eancia P\u00fablica de demonstra\u00e7\u00e3o e avalia\u00e7\u00e3o do cumprimento das metas fiscais do primeiro quadrimestre de 2020.","audiencia_cancelada":false,"url_audio":"","url_video":"","upload_pauta":"http://sapl.bariri.sp.leg.br/media/sapl/public/audienciapublica/7/pauta/edital_02-2020.pdf","upload_ata":"http://sapl.bariri.sp.leg.br/media/sapl/public/audienciapublica/7/ata/ata_audiencia_7_ocred.pdf","upload_anexo":null,"materia":null,"tipo":1,"parlamentar_autor":null,"requerimento":null}